{"id":35,"date":"2014-01-02T18:59:06","date_gmt":"2014-01-02T18:59:06","guid":{"rendered":"?p=35"},"modified":"2014-01-02T18:59:06","modified_gmt":"2014-01-02T18:59:06","slug":"reformpaedagoginnen-reformpaedagogen-im-ueberblick","status":"publish","type":"post","link":"https:\/\/www.eichelberger.at\/?p=35","title":{"rendered":"Reformp\u00e4dagoginnen &#038; Reformp\u00e4dagogen im \u00dcberblick"},"content":{"rendered":"<p>Reformp\u00e4dagoginnen &amp; Reformp\u00e4dagogen im \u00dcberblick<\/p>\n<div class=\"WordSection1\">\n<p><strong>Harald Eichelberger<\/strong><\/p>\n<p><strong>Reformp\u00e4dagogen im \u00dcberblick<\/strong><a href=\"#_ftn1\" title=\"\"><strong><strong>[1]<\/strong><\/strong><\/a><\/p>\n<p align=\"center\">\u00a0<\/p>\n<table style=\"width: 980px;\" border=\"0\" cellspacing=\"0\" cellpadding=\"0\">\n<tbody>\n<tr>\n<td valign=\"top\" width=\"52\">\n<p align=\"center\">Zeit<\/p>\n<\/td>\n<td valign=\"top\" width=\"116\">\n<p align=\"center\"><strong>Deutschland<\/strong><\/p>\n<\/td>\n<td valign=\"top\" width=\"96\">\n<p align=\"center\"><strong>Belgien<\/strong><\/p>\n<\/td>\n<td valign=\"top\" width=\"97\">\n<p align=\"center\"><strong>Niederlande<\/strong><\/p>\n<\/td>\n<td valign=\"top\" width=\"95\">\n<p align=\"center\"><strong>England<\/strong><\/p>\n<\/td>\n<td valign=\"top\" width=\"84\">\n<p align=\"center\"><strong>USA<\/strong><\/p>\n<\/td>\n<td valign=\"top\" width=\"89\">\n<p align=\"center\"><strong>Frankreich<\/strong><\/p>\n<\/td>\n<td colspan=\"2\" valign=\"top\" width=\"113\">\n<p align=\"center\"><strong>Italien<\/strong><\/p>\n<\/td>\n<td colspan=\"2\" valign=\"top\" width=\"85\">\n<p align=\"center\"><strong>Sowjetunion<\/strong><\/p>\n<\/td>\n<td colspan=\"4\" valign=\"top\" width=\"75\">\n<p align=\"center\"><strong>Schweiz<\/strong><\/p>\n<\/td>\n<td colspan=\"2\" valign=\"top\" width=\"76\">\n<p align=\"center\"><strong>Schweden<\/strong><\/p>\n<\/td>\n<td width=\"2\">\n<p>\u00a0<\/p>\n<\/td>\n<\/tr>\n<tr>\n<td valign=\"top\" width=\"52\">\n<p align=\"center\">\u00a0<\/p>\n<\/td>\n<td valign=\"top\" width=\"116\">\n<p align=\"center\">\u00a0<\/p>\n<\/td>\n<td valign=\"top\" width=\"96\">\n<p align=\"center\">\u00a0<\/p>\n<\/td>\n<td valign=\"top\" width=\"97\">\n<p align=\"center\">\u00a0<\/p>\n<\/td>\n<td valign=\"top\" width=\"95\">\n<p align=\"center\">\u00a0<\/p>\n<\/td>\n<td valign=\"top\" width=\"84\">\n<p align=\"center\">\u00a0<\/p>\n<\/td>\n<td valign=\"top\" width=\"89\">\n<p align=\"center\">\u00a0<\/p>\n<\/td>\n<td colspan=\"2\" valign=\"top\" width=\"113\">\n<p align=\"center\">\u00a0<\/p>\n<\/td>\n<td colspan=\"2\" valign=\"top\" width=\"85\">\n<p align=\"center\">\u00a0<\/p>\n<\/td>\n<td colspan=\"4\" valign=\"top\" width=\"75\">\n<p align=\"center\">\u00a0<\/p>\n<\/td>\n<td colspan=\"2\" valign=\"top\" width=\"76\">\n<p align=\"center\">\u00a0<\/p>\n<\/td>\n<td width=\"2\">\n<p>\u00a0<\/p>\n<\/td>\n<\/tr>\n<tr>\n<td valign=\"top\" width=\"52\">\n<p align=\"center\">\u00a0<\/p>\n<p align=\"center\">1890<\/p>\n<\/td>\n<td valign=\"top\" width=\"116\">\n<p align=\"center\"><strong>Georg Kerschensteiner<\/strong><\/p>\n<p align=\"center\">1854-1932<\/p>\n<p align=\"center\">und<\/p>\n<\/td>\n<td valign=\"top\" width=\"96\">\n<p align=\"center\">\u00a0<\/p>\n<\/td>\n<td valign=\"top\" width=\"97\">\n<p align=\"center\"><strong><span style=\"text-decoration: underline;\">Reform-p\u00e4dagogik<\/span><\/strong><\/p>\n<\/td>\n<td valign=\"top\" width=\"95\">\n<p align=\"center\">\u00a0<\/p>\n<p align=\"center\">und<\/p>\n<\/td>\n<td valign=\"top\" width=\"84\">\n<p align=\"center\"><strong><span style=\"text-decoration: underline;\">Reform-<\/span><\/strong><\/p>\n<p align=\"center\"><strong><span style=\"text-decoration: underline;\">p\u00e4dagogen<\/span><\/strong><\/p>\n<\/td>\n<td valign=\"top\" width=\"89\">\n<p align=\"center\">\u00a0<\/p>\n<\/td>\n<td colspan=\"2\" valign=\"top\" width=\"113\">\n<p align=\"center\">\u00a0<\/p>\n<\/td>\n<td colspan=\"2\" valign=\"top\" width=\"85\">\n<p align=\"center\">\u00a0<\/p>\n<\/td>\n<td colspan=\"4\" valign=\"top\" width=\"75\">\n<p align=\"center\">\u00a0<\/p>\n<\/td>\n<td colspan=\"2\" valign=\"top\" width=\"76\">\n<p align=\"center\">\u00a0<\/p>\n<\/td>\n<td width=\"2\">\n<p>\u00a0<\/p>\n<\/td>\n<\/tr>\n<tr>\n<td valign=\"top\" width=\"52\">\n<p align=\"center\">\u00a0<\/p>\n<p align=\"center\">1900<\/p>\n<\/td>\n<td valign=\"top\" width=\"116\">\n<p align=\"center\"><strong>Hugo Gaudig<\/strong><\/p>\n<p align=\"center\">1860 \u2013 1923<\/p>\n<p align=\"center\">\u00a0<\/p>\n<p align=\"center\">ARBEITS-SCHULE<\/p>\n<p align=\"center\">\u00a0<\/p>\n<p align=\"center\">\u00a0<\/p>\n<\/td>\n<td valign=\"top\" width=\"96\">\n<p align=\"center\">\u00a0<\/p>\n<\/td>\n<td valign=\"top\" width=\"97\">\n<p align=\"center\"><strong>Jan Ligthart<\/strong><\/p>\n<p align=\"center\">1859 \u2013 1916<\/p>\n<p align=\"center\">\u00a0<\/p>\n<p align=\"center\">\u201eP\u00e4dagogik des Herzens\u201c<\/p>\n<\/td>\n<td valign=\"top\" width=\"95\">\n<p align=\"center\"><strong>Cecil Reddie<\/strong><\/p>\n<p align=\"center\">1858 -1961<\/p>\n<p align=\"center\">\u00a0<\/p>\n<p align=\"center\">NEW SCHOOL OF ABBOTS-HOLME<\/p>\n<\/td>\n<td valign=\"top\" width=\"84\">\n<p align=\"center\"><strong>John Dewey<\/strong><\/p>\n<p align=\"center\">1859 \u2013 1952<\/p>\n<p align=\"center\">\u00a0<\/p>\n<p align=\"center\">LEARNING BY DOING<\/p>\n<\/td>\n<td valign=\"top\" width=\"89\">\n<p align=\"center\">\u00a0<\/p>\n<\/td>\n<td colspan=\"2\" valign=\"top\" width=\"113\">\n<p align=\"center\">\u00a0<\/p>\n<\/td>\n<td colspan=\"2\" valign=\"top\" width=\"85\">\n<p align=\"center\">\u00a0<\/p>\n<\/td>\n<td colspan=\"4\" valign=\"top\" width=\"75\">\n<p align=\"center\">\u00a0<\/p>\n<\/td>\n<td colspan=\"2\" valign=\"top\" width=\"76\">\n<p align=\"center\"><strong>Ellen Key<\/strong><\/p>\n<p align=\"center\">1898 \u2013 1944<\/p>\n<p align=\"center\">\u00a0<\/p>\n<p align=\"center\">DAS JAHR-HUNDERT<\/p>\n<p align=\"center\">DES Kindes<\/p>\n<\/td>\n<td width=\"2\">\n<p>\u00a0<\/p>\n<\/td>\n<\/tr>\n<tr>\n<td valign=\"top\" width=\"52\">\n<p align=\"center\">\u00a0<\/p>\n<p align=\"center\">1910<\/p>\n<\/td>\n<td valign=\"top\" width=\"116\">\n<p align=\"center\"><strong>Rudolf Steiner<\/strong><\/p>\n<p align=\"center\">1861 \u2013 1925<\/p>\n<p align=\"center\">\u00a0<\/p>\n<p align=\"center\">WALDORF-SCHULE<\/p>\n<p align=\"center\">\u00a0<\/p>\n<p align=\"center\">\u00a0<\/p>\n<\/td>\n<td valign=\"top\" width=\"96\">\n<p align=\"center\">\u00a0<\/p>\n<\/td>\n<td valign=\"top\" width=\"97\">\n<p align=\"center\">\u00a0<\/p>\n<\/td>\n<td valign=\"top\" width=\"95\">\n<p align=\"center\">\u00a0<\/p>\n<\/td>\n<td valign=\"top\" width=\"84\">\n<p align=\"center\">\u00a0<\/p>\n<\/td>\n<td valign=\"top\" width=\"89\">\n<p align=\"center\">\u00a0<\/p>\n<\/td>\n<td colspan=\"2\" valign=\"top\" width=\"113\">\n<p align=\"center\">\u00a0<\/p>\n<\/td>\n<td colspan=\"4\" valign=\"top\" width=\"94\">\n<p align=\"center\"><strong>A.S: Makarenko<\/strong><\/p>\n<p align=\"center\">1869 \u2013 1939<\/p>\n<p align=\"center\">\u00a0<\/p>\n<p align=\"center\">P\u00c4DAGOGIK DES Kollektivs<\/p>\n<\/td>\n<td colspan=\"2\" valign=\"top\" width=\"66\">\n<p align=\"center\">\u00a0<\/p>\n<\/td>\n<td colspan=\"2\" valign=\"top\" width=\"76\">\n<p align=\"center\">\u00a0<\/p>\n<\/td>\n<td width=\"2\">\n<p>\u00a0<\/p>\n<\/td>\n<\/tr>\n<tr>\n<td valign=\"top\" width=\"52\">\n<p align=\"center\">\u00a0<\/p>\n<p align=\"center\">1920<\/p>\n<\/td>\n<td valign=\"top\" width=\"116\">\n<p align=\"center\"><strong>Hermann Lietz<\/strong><\/p>\n<p align=\"center\">1868 -1919<\/p>\n<p align=\"center\">\u00a0<\/p>\n<p align=\"center\"><strong>Paul Geheeb<\/strong><\/p>\n<p align=\"center\">1870 \u2013 1961<\/p>\n<p align=\"center\">\u00a0<\/p>\n<p align=\"center\">LAND-ERZIEHUNGS-HEIM-BEWEGUNG<\/p>\n<p align=\"center\">\u00a0<\/p>\n<\/td>\n<td valign=\"top\" width=\"96\">\n<p align=\"center\"><strong>Ovide Decroly<\/strong><\/p>\n<p align=\"center\">1871 \u2013 1932<\/p>\n<p align=\"center\">\u00a0<\/p>\n<p align=\"center\">\u201eEDUCATION PAR LA VIE, POUR LA VIE\u201c<\/p>\n<\/td>\n<td valign=\"top\" width=\"97\">\n<p align=\"center\">\u00a0<\/p>\n<\/td>\n<td valign=\"top\" width=\"95\">\n<p align=\"center\">\u00a0<\/p>\n<\/td>\n<td valign=\"top\" width=\"84\">\n<p align=\"center\"><strong>William Heard Kilpatrick<\/strong><\/p>\n<p align=\"center\">1871 \u2013 1965<\/p>\n<p align=\"center\">\u00a0<\/p>\n<p align=\"center\">PROJEKT-METHODE<\/p>\n<p align=\"center\">\u00a0<\/p>\n<\/td>\n<td valign=\"top\" width=\"89\">\n<p align=\"center\">\u00a0<\/p>\n<\/td>\n<td colspan=\"2\" valign=\"top\" width=\"113\">\n<p align=\"center\"><strong>Maria Montessori<\/strong><\/p>\n<p align=\"center\">1870 \u2013 1952<\/p>\n<p align=\"center\">\u00a0<\/p>\n<p align=\"center\">Schule der Selbst-t\u00e4tigkeit und der Selbstver-wirklichung<\/p>\n<\/td>\n<td colspan=\"2\" valign=\"top\" width=\"85\">\n<p align=\"center\">\u00a0<\/p>\n<\/td>\n<td colspan=\"4\" valign=\"top\" width=\"75\">\n<p align=\"center\">\u00a0<\/p>\n<\/td>\n<td colspan=\"2\" valign=\"top\" width=\"76\">\n<p align=\"center\">\u00a0<\/p>\n<\/td>\n<td width=\"2\">\n<p>\u00a0<\/p>\n<\/td>\n<\/tr>\n<tr>\n<td valign=\"top\" width=\"52\">\n<p align=\"center\">\u00a0<\/p>\n<p align=\"center\">\u00a0<\/p>\n<p align=\"center\">\u00a0<\/p>\n<p align=\"center\">\u00a0<\/p>\n<p align=\"center\">1930<\/p>\n<\/td>\n<td valign=\"top\" width=\"116\">\n<p align=\"center\"><strong>Paul Oestreich<\/strong><\/p>\n<p align=\"center\">1878 \u2013 1959<\/p>\n<p align=\"center\">PRODUKTIONS-<\/p>\n<p align=\"center\">SCHULE<\/p>\n<p align=\"center\"><strong>Peter Petersen<\/strong><\/p>\n<p align=\"center\">1884 \u2013 1952<\/p>\n<p align=\"center\">\u00a0<\/p>\n<p align=\"center\">JENA-PLAN-SCHULE<\/p>\n<p align=\"center\">\u00a0<\/p>\n<p align=\"center\">\u00a0<\/p>\n<\/td>\n<td valign=\"top\" width=\"96\">\n<p align=\"center\">\u00a0<\/p>\n<p align=\"center\">\u00a0<\/p>\n<p align=\"center\">\u00a0<\/p>\n<p align=\"center\">\u00a0<\/p>\n<p align=\"center\">\u00a0<\/p>\n<p align=\"center\">\u00a0<\/p>\n<p align=\"center\">\u00a0<\/p>\n<p align=\"center\">\u00a0<\/p>\n<\/td>\n<td valign=\"top\" width=\"97\">\n<p align=\"center\">\u00a0<\/p>\n<\/td>\n<td valign=\"top\" width=\"95\">\n<p align=\"center\">\u00a0<\/p>\n<p align=\"center\">\u00a0<\/p>\n<p align=\"center\">\u00a0<\/p>\n<p align=\"center\">\u00a0<\/p>\n<p align=\"center\"><strong>Henry Morris<\/strong><\/p>\n<p align=\"center\">1871 \u2013 1961<\/p>\n<p align=\"center\">\u00a0<\/p>\n<p align=\"center\">Community<\/p>\n<p align=\"center\">Education<\/p>\n<\/td>\n<td valign=\"top\" width=\"84\">\n<p align=\"center\"><strong>Helen Parkhurst<\/strong><\/p>\n<p align=\"center\">1887 \u2013 1959<\/p>\n<p align=\"center\">DALTON-PLAN<\/p>\n<\/td>\n<td valign=\"top\" width=\"89\">\n<p align=\"center\">\u00a0<\/p>\n<p align=\"center\">\u00a0<\/p>\n<p align=\"center\">\u00a0<\/p>\n<p align=\"center\">\u00a0<\/p>\n<p align=\"center\"><strong>C\u00e9lestin Freinet<\/strong><\/p>\n<p align=\"center\">1896 \u2013 1966<\/p>\n<p align=\"center\">\u00a0<\/p>\n<p align=\"center\">EDUCATION DU TRAVAIL<\/p>\n<p align=\"center\">\u00a0<\/p>\n<\/td>\n<td colspan=\"2\" valign=\"top\" width=\"113\">\n<p align=\"center\">\u00a0<\/p>\n<\/td>\n<td colspan=\"3\" valign=\"top\" width=\"89\">\n<p align=\"center\">\u00a0<\/p>\n<\/td>\n<td colspan=\"4\" valign=\"top\" width=\"91\">\n<p align=\"center\">\u00a0<\/p>\n<p align=\"center\"><strong>Adolphe Ferri\u00e8re<\/strong><\/p>\n<p align=\"center\">1879 \u2013 1960<\/p>\n<p align=\"center\">Tatschule<\/p>\n<\/td>\n<td colspan=\"2\" valign=\"top\" width=\"58\">\n<p align=\"center\">\u00a0<\/p>\n<\/td>\n<\/tr>\n<tr>\n<td valign=\"top\" width=\"52\">\n<p align=\"center\">\u00a0<\/p>\n<p align=\"center\">1940<\/p>\n<\/td>\n<td valign=\"top\" width=\"116\">\n<p align=\"center\"><strong>Adolf Reichwein<\/strong><\/p>\n<p align=\"center\">1898 \u2013 1944<\/p>\n<p align=\"center\">\u00a0<\/p>\n<p align=\"center\">\u201eSchaffendes Schulvolk\u201c<\/p>\n<p align=\"center\">\u00a0<\/p>\n<p align=\"center\">\u00a0<\/p>\n<\/td>\n<td valign=\"top\" width=\"96\">\n<p align=\"center\">\u00a0<\/p>\n<\/td>\n<td valign=\"top\" width=\"97\">\n<p align=\"center\">\u00a0<\/p>\n<\/td>\n<td valign=\"top\" width=\"95\">\n<p align=\"center\">\u00a0<\/p>\n<\/td>\n<td valign=\"top\" width=\"84\">\n<p align=\"center\">\u00a0<\/p>\n<\/td>\n<td valign=\"top\" width=\"89\">\n<p align=\"center\">\u00a0<\/p>\n<\/td>\n<td valign=\"top\" width=\"102\">\n<p align=\"center\">\u00a0<\/p>\n<\/td>\n<td colspan=\"2\" valign=\"top\" width=\"87\">\n<p align=\"center\"><strong>\u00d6sterreich<\/strong><\/p>\n<p align=\"center\">\u00a0<\/p>\n<p align=\"center\"><strong>Otto Gl\u00f6ckel<\/strong><\/p>\n<p align=\"center\">1874 \u2013 1935<\/p>\n<p align=\"center\">\u00a0<\/p>\n<p align=\"center\">LEBENS- und<\/p>\n<p align=\"center\">ARBEITS-SCHULE<\/p>\n<\/td>\n<td colspan=\"4\" valign=\"top\" width=\"81\">\n<p align=\"center\">\u00a0<\/p>\n<\/td>\n<td colspan=\"3\" valign=\"top\" width=\"80\">\n<p align=\"center\">\u00a0<\/p>\n<\/td>\n<td width=\"2\">\n<p>\u00a0<\/p>\n<\/td>\n<\/tr>\n<tr>\n<td valign=\"top\" width=\"52\">\n<p align=\"center\">\u00a0<\/p>\n<p align=\"center\">\u00af<\/p>\n<\/td>\n<td valign=\"top\" width=\"116\">\n<p align=\"center\"><strong>Kurt Hahn<\/strong><\/p>\n<p align=\"center\">1886 \u2013 1974<\/p>\n<p align=\"center\">\u00a0<\/p>\n<p align=\"center\">Bew\u00e4hrungs-p\u00e4dagogik<\/p>\n<\/td>\n<td valign=\"top\" width=\"96\">\n<p align=\"center\">\u00a0<\/p>\n<\/td>\n<td valign=\"top\" width=\"97\">\n<p align=\"center\">\u00a0<\/p>\n<\/td>\n<td valign=\"top\" width=\"95\">\n<p align=\"center\">\u00a0<\/p>\n<\/td>\n<td valign=\"top\" width=\"84\">\n<p align=\"center\">\u00a0<\/p>\n<\/td>\n<td valign=\"top\" width=\"89\">\n<p align=\"center\">\u00a0<\/p>\n<\/td>\n<td valign=\"top\" width=\"102\">\n<p align=\"center\">\u00a0<\/p>\n<\/td>\n<td colspan=\"2\" valign=\"top\" width=\"87\">\n<p align=\"center\">\u00a0<\/p>\n<\/td>\n<td colspan=\"4\" valign=\"top\" width=\"81\">\n<p align=\"center\">\u00a0<\/p>\n<\/td>\n<td colspan=\"3\" valign=\"top\" width=\"80\">\n<p align=\"center\">\u00a0<\/p>\n<\/td>\n<td width=\"2\">\n<p>\u00a0<\/p>\n<\/td>\n<\/tr>\n<tr>\n<td valign=\"top\" width=\"52\">\n<p align=\"center\">\u00a0<\/p>\n<\/td>\n<td valign=\"top\" width=\"116\">\n<p align=\"center\">\u00a0<\/p>\n<\/td>\n<td valign=\"top\" width=\"96\">\n<p align=\"center\">\u00a0<\/p>\n<\/td>\n<td valign=\"top\" width=\"97\">\n<p align=\"center\">\u00a0<\/p>\n<\/td>\n<td valign=\"top\" width=\"95\">\n<p align=\"center\">\u00a0<\/p>\n<\/td>\n<td valign=\"top\" width=\"84\">\n<p align=\"center\">\u00a0<\/p>\n<\/td>\n<td valign=\"top\" width=\"89\">\n<p align=\"center\">\u00a0<\/p>\n<\/td>\n<td valign=\"top\" width=\"102\">\n<p align=\"center\">\u00a0<\/p>\n<\/td>\n<td colspan=\"2\" valign=\"top\" width=\"87\">\n<p align=\"center\"><strong>Zusammen-stellung:<\/strong><\/p>\n<\/td>\n<td colspan=\"4\" valign=\"top\" width=\"81\">\n<p align=\"center\"><strong>Dr. Harald<\/strong><\/p>\n<p align=\"center\"><strong>Eichelberger<\/strong><\/p>\n<\/td>\n<td colspan=\"3\" valign=\"top\" width=\"80\">\n<p align=\"center\">\u00a0<\/p>\n<\/td>\n<td width=\"2\">\n<p>\u00a0<\/p>\n<\/td>\n<\/tr>\n<tr>\n<td width=\"52\">\u00a0<\/td>\n<td width=\"116\">\u00a0<\/td>\n<td width=\"96\">\u00a0<\/td>\n<td width=\"97\">\u00a0<\/td>\n<td width=\"95\">\u00a0<\/td>\n<td width=\"84\">\u00a0<\/td>\n<td width=\"89\">\u00a0<\/td>\n<td width=\"102\">\u00a0<\/td>\n<td width=\"11\">\u00a0<\/td>\n<td width=\"76\">\u00a0<\/td>\n<td width=\"9\">\u00a0<\/td>\n<td width=\"4\">\u00a0<\/td>\n<td width=\"5\">\u00a0<\/td>\n<td width=\"63\">\u00a0<\/td>\n<td width=\"3\">\u00a0<\/td>\n<td width=\"20\">\u00a0<\/td>\n<td width=\"56\">\u00a0<\/td>\n<td width=\"2\">\u00a0<\/td>\n<\/tr>\n<\/tbody>\n<\/table>\n<\/div>\n<p>\u00a0<\/p>\n<p>\u00a0<\/p>\n<div><br clear=\"all\" \/><\/p>\n<hr width=\"33%\" size=\"1\" \/>\n<div>\n<p><a href=\"#_ftnref1\" title=\"\">[1]<\/a> Die Tabelle erm\u00f6glicht eine \u00dcbersicht \u00fcber die Zeit der Reformp\u00e4dagogik und deren Vertreter. Diese sind zeitlich nach dem Erscheinen, des von ihnen kreierten p\u00e4dagogischen Konzeptes geordnet. Die Idee zu dieser Tabelle verdanke ich meinem Freund Wolfdieter Kohlberg, Lehrerbildner an der Universit\u00e4t Osnabr\u00fcck.<\/p>\n<\/div>\n<\/div>\n","protected":false},"excerpt":{"rendered":"<p>Reformp\u00e4dagoginnen &amp; Reformp\u00e4dagogen im \u00dcberblick Harald Eichelberger Reformp\u00e4dagogen im \u00dcberblick[1] [&hellip;]<\/p>\n","protected":false},"author":1,"featured_media":0,"comment_status":"open","ping_status":"open","sticky":false,"template":"","format":"standard","meta":{"footnotes":""},"categories":[6],"tags":[],"class_list":["post-35","post","type-post","status-publish","format-standard","hentry","category-reformpaedagogik"],"_links":{"self":[{"href":"https:\/\/www.eichelberger.at\/index.php?rest_route=\/wp\/v2\/posts\/35","targetHints":{"allow":["GET"]}}],"collection":[{"href":"https:\/\/www.eichelberger.at\/index.php?rest_route=\/wp\/v2\/posts"}],"about":[{"href":"https:\/\/www.eichelberger.at\/index.php?rest_route=\/wp\/v2\/types\/post"}],"author":[{"embeddable":true,"href":"https:\/\/www.eichelberger.at\/index.php?rest_route=\/wp\/v2\/users\/1"}],"replies":[{"embeddable":true,"href":"https:\/\/www.eichelberger.at\/index.php?rest_route=%2Fwp%2Fv2%2Fcomments&post=35"}],"version-history":[{"count":0,"href":"https:\/\/www.eichelberger.at\/index.php?rest_route=\/wp\/v2\/posts\/35\/revisions"}],"wp:attachment":[{"href":"https:\/\/www.eichelberger.at\/index.php?rest_route=%2Fwp%2Fv2%2Fmedia&parent=35"}],"wp:term":[{"taxonomy":"category","embeddable":true,"href":"https:\/\/www.eichelberger.at\/index.php?rest_route=%2Fwp%2Fv2%2Fcategories&post=35"},{"taxonomy":"post_tag","embeddable":true,"href":"https:\/\/www.eichelberger.at\/index.php?rest_route=%2Fwp%2Fv2%2Ftags&post=35"}],"curies":[{"name":"wp","href":"https:\/\/api.w.org\/{rel}","templated":true}]}}